{"id":56969,"date":"2026-08-31T09:30:27","date_gmt":"2026-08-31T07:30:27","guid":{"rendered":"https:\/\/prizrenpost.com\/tr\/pdk-ve-ittifak-milletvekilleri-yeniden-hukumet-huzurunda-onlara-skenderaj-ve-istogdan-yoneticiler-ve-aktivistler-de-katiliyor\/"},"modified":"2026-08-31T09:30:32","modified_gmt":"2026-08-31T07:30:32","slug":"pdk-ve-ittifak-milletvekilleri-yeniden-hukumet-huzurunda-onlara-skenderaj-ve-istogdan-yoneticiler-ve-aktivistler-de-katiliyor","status":"publish","type":"post","link":"https:\/\/prizrenpost.com\/tr\/pdk-ve-ittifak-milletvekilleri-yeniden-hukumet-huzurunda-onlara-skenderaj-ve-istogdan-yoneticiler-ve-aktivistler-de-katiliyor\/","title":{"rendered":"PDK ve \u0130ttifak milletvekilleri yeniden h\u00fck\u00fcmet huzurunda, onlara Skenderaj ve Istog&#8217;dan y\u00f6neticiler ve aktivistler de kat\u0131l\u0131yor"},"content":{"rendered":"<p><img decoding=\"async\" src=\"https:\/\/prizrenpost.com\/tr\/wp-content\/uploads\/2026\/08\/prizrenpost-og-154.png\" style=\"width:100%;height:auto;margin-bottom:20px\"><\/p>\n<p>PDK ve \u0130ttifak milletvekilleri bug\u00fcn de H\u00fck\u00fcmet binas\u0131 \u00f6n\u00fcnde eylemlerine devam etti.<\/p>\n<p>Bu sefer milletvekillerine PDK meclis \u00fcyeleri, Skenderaj ve \u0130stog&#8217;lu y\u00f6neticiler ve aktivistler de kat\u0131ld\u0131.<\/p>\n<p>Ge\u00e7ti\u011fimiz haftalarda bu siyasi \u00f6znelerin milletvekillerinin H\u00fck\u00fcmete giri\u015finin engellenmesi de ya\u015fand\u0131.<\/p>\n<p>PDK ve \u0130ttifak milletvekilleri kurucu yap\u0131n\u0131n devam\u0131n\u0131 talep ediyor. oturumu d\u00fczenlediler ve Meclis ba\u015fkan\u0131 Avni Dehari&#8217;yi Meclis&#8217;in olu\u015fturulmas\u0131 i\u00e7in oturumu ba\u015flatmaya \u00e7a\u011f\u0131rd\u0131lar.<\/p>\n<p>Tecr\u00fcbeyi geli\u015ftirmek ve reklam g\u00f6r\u00fcnt\u00fclemek (Google AdSense) i\u00e7in \u00e7erezleri kullan\u0131yoruz.<br \/>\n          &#8220;Kabul Et&#8221; se\u00e7ene\u011fine t\u0131klayarak \u00e7erezlerin a\u015fa\u011f\u0131daki \u015fartlara g\u00f6re kullan\u0131lmas\u0131n\u0131 kabul etmi\u015f olursunuz.<br \/>\n          Gizlilik Politikas\u0131<br \/>\n          ve<br \/>\n          \u00c7erez Politikas\u0131.<br \/>\n          &#8220;Reddet&#8221;i t\u0131klayarak gerekli olmayan \u00e7erezleri reddedebilirsiniz.<\/p>\n<hr style=\"margin:30px 0\">\n<p style=\"font-size:13px;color:#666\">Kaynak: <strong>prizrenpost<\/strong><\/p>\n","protected":false},"excerpt":{"rendered":"<p>PDK ve \u0130ttifak milletvekilleri bug\u00fcn de H\u00fck\u00fcmet binas\u0131 \u00f6n\u00fcnde eylemlerine devam etti. Bu sefer milletvekillerine PDK meclis \u00fcyeleri, Skenderaj ve \u0130stog&#8217;lu y\u00f6neticiler ve aktivistler de kat\u0131ld\u0131. Ge\u00e7ti\u011fimiz haftalarda bu siyasi \u00f6znelerin milletvekillerinin H\u00fck\u00fcmete giri\u015finin engellenmesi de ya\u015fand\u0131. PDK ve \u0130ttifak milletvekilleri kurucu yap\u0131n\u0131n devam\u0131n\u0131 talep ediyor. oturumu d\u00fczenlediler ve Meclis ba\u015fkan\u0131 Avni Dehari&#8217;yi Meclis&#8217;in olu\u015fturulmas\u0131 [&hellip;]<\/p>\n","protected":false},"author":1,"featured_media":56970,"comment_status":"open","ping_status":"open","sticky":false,"template":"","format":"standard","meta":{"footnotes":""},"categories":[14],"tags":[179],"class_list":["post-56969","post","type-post","status-publish","format-standard","has-post-thumbnail","hentry","category-ulusal","tag-aktuel"],"views":8,"_links":{"self":[{"href":"https:\/\/prizrenpost.com\/tr\/wp-json\/wp\/v2\/posts\/56969","targetHints":{"allow":["GET"]}}],"collection":[{"href":"https:\/\/prizrenpost.com\/tr\/wp-json\/wp\/v2\/posts"}],"about":[{"href":"https:\/\/prizrenpost.com\/tr\/wp-json\/wp\/v2\/types\/post"}],"author":[{"embeddable":true,"href":"https:\/\/prizrenpost.com\/tr\/wp-json\/wp\/v2\/users\/1"}],"replies":[{"embeddable":true,"href":"https:\/\/prizrenpost.com\/tr\/wp-json\/wp\/v2\/comments?post=56969"}],"version-history":[{"count":1,"href":"https:\/\/prizrenpost.com\/tr\/wp-json\/wp\/v2\/posts\/56969\/revisions"}],"predecessor-version":[{"id":56971,"href":"https:\/\/prizrenpost.com\/tr\/wp-json\/wp\/v2\/posts\/56969\/revisions\/56971"}],"wp:featuredmedia":[{"embeddable":true,"href":"https:\/\/prizrenpost.com\/tr\/wp-json\/wp\/v2\/media\/56970"}],"wp:attachment":[{"href":"https:\/\/prizrenpost.com\/tr\/wp-json\/wp\/v2\/media?parent=56969"}],"wp:term":[{"taxonomy":"category","embeddable":true,"href":"https:\/\/prizrenpost.com\/tr\/wp-json\/wp\/v2\/categories?post=56969"},{"taxonomy":"post_tag","embeddable":true,"href":"https:\/\/prizrenpost.com\/tr\/wp-json\/wp\/v2\/tags?post=56969"}],"curies":[{"name":"wp","href":"https:\/\/api.w.org\/{rel}","templated":true}]}}