{"id":56981,"date":"2026-08-31T10:45:13","date_gmt":"2026-08-31T08:45:13","guid":{"rendered":"https:\/\/prizrenpost.com\/tr\/ne-prizren-policia-shkon-per-ta-ndalur-muziken-ahengu-eskalon-tre-te-arrestuar\/"},"modified":"2026-08-31T10:45:14","modified_gmt":"2026-08-31T08:45:14","slug":"ne-prizren-policia-shkon-per-ta-ndalur-muziken-ahengu-eskalon-tre-te-arrestuar","status":"publish","type":"post","link":"https:\/\/prizrenpost.com\/tr\/ne-prizren-policia-shkon-per-ta-ndalur-muziken-ahengu-eskalon-tre-te-arrestuar\/","title":{"rendered":"N\u00eb Prizren Policia shkon p\u00ebr ta ndalur muzik\u00ebn, ahengu eskalon \u2013 tre t\u00eb arrestuar"},"content":{"rendered":"<p><img decoding=\"async\" src=\"https:\/\/prizrenpost.com\/tr\/wp-content\/uploads\/2026\/08\/polic-pz-shaterv.jpg\" style=\"width:100%;height:auto;margin-bottom:20px\"><\/p>\n<p>Rasti dyshohet se ka nisur rreth or\u00ebs 00:30, kur Policia ka pranuar informacion p\u00ebr muzik\u00eb me z\u00eb t\u00eb lart\u00eb q\u00eb vinte nga nj\u00eb sht\u00ebpi ku po zhvillohej nj\u00eb aheng familjar.<\/p>\n<p>Patrulla policore ka dal\u00eb n\u00eb vendngjarje dhe ka kontaktuar pronarin e sht\u00ebpis\u00eb, duke e njoftuar p\u00ebr ndalimin e muzik\u00ebs dhe vazhdimin e procedurave ligjore.<\/p>\n<p>Sipas informacioneve t\u00eb publikuara, situata m\u00eb pas ka eskaluar, nd\u00ebrsa zyrtar\u00ebt policor\u00eb dyshohet se kan\u00eb hasur n\u00eb rezistenc\u00eb dhe jan\u00eb sulmuar. P\u00ebr menaxhimin e situat\u00ebs \u00ebsht\u00eb k\u00ebrkuar asistenc\u00eb, nd\u00ebrsa n\u00eb vendngjarje kan\u00eb arritur edhe patrulla t\u00eb tjera policore.<\/p>\n<p>Tre personat jan\u00eb arrestuar dhe jan\u00eb shoq\u00ebruar n\u00eb Stacionin Policor n\u00eb Prizren.<\/p>\n<p>Nga incidenti jan\u00eb l\u00ebnduar dy zyrtar\u00eb policor\u00eb, t\u00eb cil\u00ebt kan\u00eb marr\u00eb trajtim mjek\u00ebsor n\u00eb Emergjenc\u00ebn e Spitalit Rajonal t\u00eb Prizrenit. Sipas raportit mjek\u00ebsor, l\u00ebndimet e tyre jan\u00eb cil\u00ebsuar si t\u00eb lehta trupore.<\/p>\n<p>Familjar\u00ebt japin version tjet\u00ebr p\u00ebr ngjarjen<\/p>\n<p>Nd\u00ebrkaq, familjar\u00ebt e pjes\u00ebmarr\u00ebsve n\u00eb aheng i kan\u00eb th\u00ebn\u00eb TV Prizrenit se festa \u00ebsht\u00eb nd\u00ebrprer\u00eb dhe se situata \u00ebsht\u00eb p\u00ebrshkall\u00ebzuar pas nd\u00ebrhyrjes s\u00eb Policis\u00eb.<\/p>\n<p>Ata pretendojn\u00eb se Policia ka ardhur n\u00eb aheng me nj\u00eb num\u00ebr t\u00eb madh t\u00eb zyrtar\u00ebve dhe se, sipas tyre, situata \u00ebsht\u00eb provokuar nga m\u00ebnyra e nd\u00ebrhyrjes s\u00eb Policis\u00eb.<\/p>\n<p>Familjar\u00ebt jan\u00eb shprehur t\u00eb pak\u00ebnaqur p\u00ebr nd\u00ebrprerjen e ahengut, duke dh\u00ebn\u00eb k\u00ebshtu nj\u00eb version t\u00eb ndrysh\u00ebm nga ai i raportimeve lidhur me sulmin ndaj zyrtar\u00ebve policor\u00eb.<\/p>\n<p>P\u00ebr rastin \u00ebsht\u00eb njoftuar hetuesi kujdestar dhe, pas konsultimit me Prokurorin e Shtetit, \u00ebsht\u00eb iniciuar rasti p\u00ebr vepr\u00ebn penale \u201cSulm ndaj personit zyrtar\u201d.<\/p>\n<p>Me vendim t\u00eb Prokurorit, A. Q. dhe A. Q. jan\u00eb ndaluar p\u00ebr 48 or\u00eb, nd\u00ebrsa A. B. \u00ebsht\u00eb liruar n\u00eb procedur\u00eb t\u00eb rregullt.<\/p>\n<p>Rasti vazhdon t\u00eb hetohet nga organet kompetente.<\/p>\n<hr style=\"margin:30px 0\">\n<p style=\"font-size:13px;color:#666\">Kaynak: <strong>prizrenpost<\/strong><\/p>\n","protected":false},"excerpt":{"rendered":"<p>Rasti dyshohet se ka nisur rreth or\u00ebs 00:30, kur Policia ka pranuar informacion p\u00ebr muzik\u00eb me z\u00eb t\u00eb lart\u00eb q\u00eb vinte nga nj\u00eb sht\u00ebpi ku po zhvillohej nj\u00eb aheng familjar. Patrulla policore ka dal\u00eb n\u00eb vendngjarje dhe ka kontaktuar pronarin e sht\u00ebpis\u00eb, duke e njoftuar p\u00ebr ndalimin e muzik\u00ebs dhe vazhdimin e procedurave ligjore. Sipas [&hellip;]<\/p>\n","protected":false},"author":1,"featured_media":56982,"comment_status":"open","ping_status":"open","sticky":false,"template":"","format":"standard","meta":{"footnotes":""},"categories":[22],"tags":[],"class_list":["post-56981","post","type-post","status-publish","format-standard","has-post-thumbnail","hentry","category-prizren"],"views":9,"_links":{"self":[{"href":"https:\/\/prizrenpost.com\/tr\/wp-json\/wp\/v2\/posts\/56981","targetHints":{"allow":["GET"]}}],"collection":[{"href":"https:\/\/prizrenpost.com\/tr\/wp-json\/wp\/v2\/posts"}],"about":[{"href":"https:\/\/prizrenpost.com\/tr\/wp-json\/wp\/v2\/types\/post"}],"author":[{"embeddable":true,"href":"https:\/\/prizrenpost.com\/tr\/wp-json\/wp\/v2\/users\/1"}],"replies":[{"embeddable":true,"href":"https:\/\/prizrenpost.com\/tr\/wp-json\/wp\/v2\/comments?post=56981"}],"version-history":[{"count":1,"href":"https:\/\/prizrenpost.com\/tr\/wp-json\/wp\/v2\/posts\/56981\/revisions"}],"predecessor-version":[{"id":56983,"href":"https:\/\/prizrenpost.com\/tr\/wp-json\/wp\/v2\/posts\/56981\/revisions\/56983"}],"wp:featuredmedia":[{"embeddable":true,"href":"https:\/\/prizrenpost.com\/tr\/wp-json\/wp\/v2\/media\/56982"}],"wp:attachment":[{"href":"https:\/\/prizrenpost.com\/tr\/wp-json\/wp\/v2\/media?parent=56981"}],"wp:term":[{"taxonomy":"category","embeddable":true,"href":"https:\/\/prizrenpost.com\/tr\/wp-json\/wp\/v2\/categories?post=56981"},{"taxonomy":"post_tag","embeddable":true,"href":"https:\/\/prizrenpost.com\/tr\/wp-json\/wp\/v2\/tags?post=56981"}],"curies":[{"name":"wp","href":"https:\/\/api.w.org\/{rel}","templated":true}]}}