{"id":56984,"date":"2026-08-31T10:55:27","date_gmt":"2026-08-31T08:55:27","guid":{"rendered":"https:\/\/prizrenpost.com\/tr\/arrestohet-nje-grua-dyshohet-se-sulmoi-femijet-me-sepate-ne-nje-park-ne-prishtine\/"},"modified":"2026-08-31T10:55:28","modified_gmt":"2026-08-31T08:55:28","slug":"arrestohet-nje-grua-dyshohet-se-sulmoi-femijet-me-sepate-ne-nje-park-ne-prishtine","status":"publish","type":"post","link":"https:\/\/prizrenpost.com\/tr\/arrestohet-nje-grua-dyshohet-se-sulmoi-femijet-me-sepate-ne-nje-park-ne-prishtine\/","title":{"rendered":"Arrestohet nj\u00eb grua, dyshohet se sulmoi f\u00ebmij\u00ebt me s\u00ebpat\u00eb n\u00eb nj\u00eb park n\u00eb Prishtin\u00eb"},"content":{"rendered":"<p><img decoding=\"async\" src=\"https:\/\/prizrenpost.com\/tr\/wp-content\/uploads\/2026\/08\/arrestim_femer-780x439-1.jpg\" style=\"width:100%;height:auto;margin-bottom:20px\"><\/p>\n<p>Nj\u00eb grua \u00ebsht\u00eb arrestuar n\u00eb Prishtin\u00eb, n\u00ebn dyshimin se ka sulmuar f\u00ebmij\u00ebt me s\u00ebpat\u00eb dhe ka d\u00ebmtuar nj\u00eb park.<\/p>\n<p>Policia e Kosov\u00ebs ka b\u00ebr\u00eb t\u00eb ditur se t\u00eb diel\u00ebn, rreth or\u00ebs tet\u00ebmb\u00ebdhjet\u00eb e tridhjet\u00eb minuta, ka pranuar informacionin se nj\u00eb grua po sulmonte f\u00ebmij\u00ebt me s\u00ebpat\u00eb n\u00eb nj\u00eb park dhe po e demolonte hap\u00ebsir\u00ebn.<\/p>\n<p>Nj\u00ebsia policore ka dal\u00eb n\u00eb vendin e ngjarjes, ku ka hasur t\u00eb dyshuar\u00ebn.<\/p>\n<p>Policia ka sekuestruar nga ajo nj\u00eb s\u00ebpat\u00eb.<\/p>\n<p>Pas inicimit t\u00eb rastit, me urdh\u00ebr t\u00eb prokurorit, e dyshuara \u00ebsht\u00eb d\u00ebrguar n\u00eb mbajtje.<\/p>\n<p>Ne p\u00ebrdorim cookies p\u00ebr t\u00eb p\u00ebrmir\u00ebsuar p\u00ebrvoj\u00ebn dhe p\u00ebr t\u00eb shfaqur reklama (Google AdSense).<br \/>\n          Duke klikuar \u201cPrano\u201d, pajtohesh me p\u00ebrdorimin e cookies sipas<br \/>\n          Politik\u00ebs s\u00eb Privat\u00ebsis\u00eb<br \/>\n          dhe<br \/>\n          Politik\u00ebs s\u00eb Cookies.<br \/>\n          Mund t\u2019i refuzosh cookies jo-t\u00eb-domosdoshme duke klikuar \u201cRefuzo\u201d.<\/p>\n<hr style=\"margin:30px 0\">\n<p style=\"font-size:13px;color:#666\">Kaynak: <strong>prizrenpost<\/strong><\/p>\n","protected":false},"excerpt":{"rendered":"<p>Nj\u00eb grua \u00ebsht\u00eb arrestuar n\u00eb Prishtin\u00eb, n\u00ebn dyshimin se ka sulmuar f\u00ebmij\u00ebt me s\u00ebpat\u00eb dhe ka d\u00ebmtuar nj\u00eb park. Policia e Kosov\u00ebs ka b\u00ebr\u00eb t\u00eb ditur se t\u00eb diel\u00ebn, rreth or\u00ebs tet\u00ebmb\u00ebdhjet\u00eb e tridhjet\u00eb minuta, ka pranuar informacionin se nj\u00eb grua po sulmonte f\u00ebmij\u00ebt me s\u00ebpat\u00eb n\u00eb nj\u00eb park dhe po e demolonte hap\u00ebsir\u00ebn. Nj\u00ebsia [&hellip;]<\/p>\n","protected":false},"author":1,"featured_media":56985,"comment_status":"open","ping_status":"open","sticky":false,"template":"","format":"standard","meta":{"footnotes":""},"categories":[14],"tags":[179],"class_list":["post-56984","post","type-post","status-publish","format-standard","has-post-thumbnail","hentry","category-ulusal","tag-aktuel"],"views":9,"_links":{"self":[{"href":"https:\/\/prizrenpost.com\/tr\/wp-json\/wp\/v2\/posts\/56984","targetHints":{"allow":["GET"]}}],"collection":[{"href":"https:\/\/prizrenpost.com\/tr\/wp-json\/wp\/v2\/posts"}],"about":[{"href":"https:\/\/prizrenpost.com\/tr\/wp-json\/wp\/v2\/types\/post"}],"author":[{"embeddable":true,"href":"https:\/\/prizrenpost.com\/tr\/wp-json\/wp\/v2\/users\/1"}],"replies":[{"embeddable":true,"href":"https:\/\/prizrenpost.com\/tr\/wp-json\/wp\/v2\/comments?post=56984"}],"version-history":[{"count":1,"href":"https:\/\/prizrenpost.com\/tr\/wp-json\/wp\/v2\/posts\/56984\/revisions"}],"predecessor-version":[{"id":56986,"href":"https:\/\/prizrenpost.com\/tr\/wp-json\/wp\/v2\/posts\/56984\/revisions\/56986"}],"wp:featuredmedia":[{"embeddable":true,"href":"https:\/\/prizrenpost.com\/tr\/wp-json\/wp\/v2\/media\/56985"}],"wp:attachment":[{"href":"https:\/\/prizrenpost.com\/tr\/wp-json\/wp\/v2\/media?parent=56984"}],"wp:term":[{"taxonomy":"category","embeddable":true,"href":"https:\/\/prizrenpost.com\/tr\/wp-json\/wp\/v2\/categories?post=56984"},{"taxonomy":"post_tag","embeddable":true,"href":"https:\/\/prizrenpost.com\/tr\/wp-json\/wp\/v2\/tags?post=56984"}],"curies":[{"name":"wp","href":"https:\/\/api.w.org\/{rel}","templated":true}]}}