{"id":56987,"date":"2026-08-31T10:55:31","date_gmt":"2026-08-31T08:55:31","guid":{"rendered":"https:\/\/prizrenpost.com\/tr\/shtyhet-seanca-per-barrikadat-ne-veri-mungojne-nje-i-akuzuar-dhe-nje-avokat\/"},"modified":"2026-08-31T10:55:33","modified_gmt":"2026-08-31T08:55:33","slug":"shtyhet-seanca-per-barrikadat-ne-veri-mungojne-nje-i-akuzuar-dhe-nje-avokat","status":"publish","type":"post","link":"https:\/\/prizrenpost.com\/tr\/shtyhet-seanca-per-barrikadat-ne-veri-mungojne-nje-i-akuzuar-dhe-nje-avokat\/","title":{"rendered":"Shtyhet seanca p\u00ebr barrikadat n\u00eb veri, mungojn\u00eb nj\u00eb i akuzuar dhe nj\u00eb avokat"},"content":{"rendered":"<p><img decoding=\"async\" src=\"https:\/\/prizrenpost.com\/tr\/wp-content\/uploads\/2026\/08\/789160240_1413668714025725_7301471352430270749_n.jpg\" style=\"width:100%;height:auto;margin-bottom:20px\"><\/p>\n<p>\u00cbsht\u00eb shtyr\u00eb seanca e shqyrtimit fillestar n\u00eb rastin e barrikadave t\u00eb vendosura n\u00eb veri t\u00eb Kosov\u00ebs.<\/p>\n<p>Seanca e parapar\u00eb t\u00eb mbahej sot n\u00eb Gjykat\u00ebn Themelore n\u00eb Prishtin\u00eb nuk u zhvillua p\u00ebr shkak t\u00eb munges\u00ebs s\u00eb t\u00eb akuzuarit Nenad Orloviq dhe nj\u00ebrit prej avokat\u00ebve mbrojt\u00ebs.<\/p>\n<p>Gjykata ka caktuar seanc\u00ebn e radh\u00ebs p\u00ebr 17 shtator, n\u00eb or\u00ebn 09:00.<\/p>\n<p>N\u00eb k\u00ebt\u00eb rast jan\u00eb t\u00eb akuzuar Dushan Maksimoviq, Milosh Radosavljeviq, Nemanja Joloviq, Dushan Drobaq, S\u00ebrdjan Vu\u00e7iniq dhe Nenad Orloviq.<\/p>\n<p>Sipas aktakuz\u00ebs, t\u00eb pandehurit dyshohet se kan\u00eb bllokuar rrug\u00ebt kryesore n\u00eb veri t\u00eb Kosov\u00ebs me mjete t\u00eb r\u00ebnda, p\u00ebrfshir\u00eb kamion\u00eb t\u00eb mbushur me zhavorr, ekskavator\u00eb, autoambulanca, autobus\u00eb dhe automjete t\u00eb tjera.<\/p>\n<hr style=\"margin:30px 0\">\n<p style=\"font-size:13px;color:#666\">Kaynak: <strong>prizrenpost<\/strong><\/p>\n","protected":false},"excerpt":{"rendered":"<p>\u00cbsht\u00eb shtyr\u00eb seanca e shqyrtimit fillestar n\u00eb rastin e barrikadave t\u00eb vendosura n\u00eb veri t\u00eb Kosov\u00ebs. Seanca e parapar\u00eb t\u00eb mbahej sot n\u00eb Gjykat\u00ebn Themelore n\u00eb Prishtin\u00eb nuk u zhvillua p\u00ebr shkak t\u00eb munges\u00ebs s\u00eb t\u00eb akuzuarit Nenad Orloviq dhe nj\u00ebrit prej avokat\u00ebve mbrojt\u00ebs. Gjykata ka caktuar seanc\u00ebn e radh\u00ebs p\u00ebr 17 shtator, n\u00eb or\u00ebn [&hellip;]<\/p>\n","protected":false},"author":1,"featured_media":56988,"comment_status":"open","ping_status":"open","sticky":false,"template":"","format":"standard","meta":{"footnotes":""},"categories":[14],"tags":[179],"class_list":["post-56987","post","type-post","status-publish","format-standard","has-post-thumbnail","hentry","category-ulusal","tag-aktuel"],"views":10,"_links":{"self":[{"href":"https:\/\/prizrenpost.com\/tr\/wp-json\/wp\/v2\/posts\/56987","targetHints":{"allow":["GET"]}}],"collection":[{"href":"https:\/\/prizrenpost.com\/tr\/wp-json\/wp\/v2\/posts"}],"about":[{"href":"https:\/\/prizrenpost.com\/tr\/wp-json\/wp\/v2\/types\/post"}],"author":[{"embeddable":true,"href":"https:\/\/prizrenpost.com\/tr\/wp-json\/wp\/v2\/users\/1"}],"replies":[{"embeddable":true,"href":"https:\/\/prizrenpost.com\/tr\/wp-json\/wp\/v2\/comments?post=56987"}],"version-history":[{"count":1,"href":"https:\/\/prizrenpost.com\/tr\/wp-json\/wp\/v2\/posts\/56987\/revisions"}],"predecessor-version":[{"id":56989,"href":"https:\/\/prizrenpost.com\/tr\/wp-json\/wp\/v2\/posts\/56987\/revisions\/56989"}],"wp:featuredmedia":[{"embeddable":true,"href":"https:\/\/prizrenpost.com\/tr\/wp-json\/wp\/v2\/media\/56988"}],"wp:attachment":[{"href":"https:\/\/prizrenpost.com\/tr\/wp-json\/wp\/v2\/media?parent=56987"}],"wp:term":[{"taxonomy":"category","embeddable":true,"href":"https:\/\/prizrenpost.com\/tr\/wp-json\/wp\/v2\/categories?post=56987"},{"taxonomy":"post_tag","embeddable":true,"href":"https:\/\/prizrenpost.com\/tr\/wp-json\/wp\/v2\/tags?post=56987"}],"curies":[{"name":"wp","href":"https:\/\/api.w.org\/{rel}","templated":true}]}}