{"id":56999,"date":"2026-08-31T13:45:29","date_gmt":"2026-08-31T11:45:29","guid":{"rendered":"https:\/\/prizrenpost.com\/tr\/biografia-e-bekim-sejdiut-kandidat-per-president\/"},"modified":"2026-08-31T13:45:34","modified_gmt":"2026-08-31T11:45:34","slug":"biografia-e-bekim-sejdiut-kandidat-per-president","status":"publish","type":"post","link":"https:\/\/prizrenpost.com\/tr\/biografia-e-bekim-sejdiut-kandidat-per-president\/","title":{"rendered":"Biografia e Bekim Sejdiut, kandidat p\u00ebr president"},"content":{"rendered":"<p><img decoding=\"async\" src=\"https:\/\/prizrenpost.com\/tr\/wp-content\/uploads\/2026\/08\/prizrenpost-og-157.png\" style=\"width:100%;height:auto;margin-bottom:20px\"><\/p>\n<p>Bekim Sejdiu \u00ebsht\u00eb propozuar si kandidati konsensual p\u00ebr president nga L\u00ebvizja Vet\u00ebvendosje dhe Lidhja Demokratike e Kosov\u00ebs.<\/p>\n<p>Por kush \u00ebsht\u00eb personi i propozuar p\u00ebr president, biografia e tij:<\/p>\n<p>Bekim Sejdiu (1974) \u00ebsht\u00eb gjyqtar n\u00eb Gjykat\u00ebn Kushtetuese t\u00eb Republik\u00ebs s\u00eb Kosov\u00ebs.Para em\u00ebrimit gjyqtar n\u00eb Gjykat\u00ebn Kushtetuese (prill 2015), gjyqtari Sejdiu ka sh\u00ebrbyer si diplomat n\u00eb Ministrin\u00eb e Pun\u00ebve t\u00eb Jashtme t\u00eb Republik\u00ebs s\u00eb Kosov\u00ebs.<\/p>\n<p>Ai i takon brezit t\u00eb par\u00eb t\u00eb ambasador\u00ebve t\u00eb Republik\u00ebs s\u00eb Kosov\u00ebs.  N\u00eb k\u00ebt\u00eb cil\u00ebsi, ai ka sh\u00ebrbyer si Ambasador i Republik\u00ebs s\u00eb Kosov\u00ebs n\u00eb Republik\u00ebn e Turqis\u00eb (2008-2012) dhe Konsull i P\u00ebrgjithsh\u00ebm i Republik\u00ebs s\u00eb Kosov\u00ebs n\u00eb Nju-Jork (2012-2014) Para se t\u00eb caktohej Ambasador, gjyqtari Sejdiu ka sh\u00ebrbyer si k\u00ebshilltar politik n\u00eb Kabinetin e ministrit t\u00eb par\u00eb t\u00eb Ministris\u00eb s\u00eb Pun\u00ebve t\u00eb Jashtme t\u00eb Republik\u00ebs s\u00eb Kosov\u00ebs. Q\u00eb nga viti 2002, gjyqtari Sejdiu \u00ebsht\u00eb profesor (asistent) n\u00eb Departamentin e t\u00eb Drejt\u00ebs Nd\u00ebrkomb\u00ebtare t\u00eb Fakultetit Juridik pran\u00eb Universitetit t\u00eb Prishtin\u00ebs.<\/p>\n<p>Gjyqtari Sejdiu ka p\u00ebrfunduar studimet juridike n\u00eb Fakultetin Juridik t\u00eb Universitetit t\u00eb Prishtin\u00ebs (1999). Ai ka p\u00ebrfunduar dy magjistratura: n\u00eb fush\u00ebn e marr\u00ebdh\u00ebnieve nd\u00ebrkomb\u00ebtare, n\u00eb Universitetin e Bilkentit (2005), dhe n\u00eb fush\u00ebn e demokracis\u00eb dhe t\u00eb t\u00eb drejtave t\u00eb njeriut, n\u00eb Universitetin e Sarajev\u00ebs dhe n\u00eb Universitetin e Bolonj\u00ebs (2001).<\/p>\n<p>Gjyqtari Sejdiu ka doktoruar n\u00eb fush\u00ebn studimeve nd\u00ebrkomb\u00ebtare dhe diplomatike n\u00eb Fakultetin e Qeveris\u00eb dhe t\u00eb Studimeve Evropiane \u2013 Nova Univerza, n\u00eb Slloveni.N\u00eb t\u00eb gjitha angazhimet e tij publike, gjyqtari Sejdiu ka qen\u00eb ngusht\u00eb i lidhur me p\u00ebrpjekjet p\u00ebr promovimin e toleranc\u00ebs shoq\u00ebrore, sundimit t\u00eb ligjit, t\u00eb drejtave t\u00eb njeriut dhe t\u00eb barazis\u00eb gjinore, duke qen\u00eb k\u00ebsisoj pjes\u00eb e grupit themelues dhe nj\u00ebkoh\u00ebsisht an\u00ebtar i K\u00ebshillit t\u00eb Hulumtuesve Profesional\u00eb t\u00eb Institutit Kosovar p\u00ebr Hulumtime dhe Zhvillime t\u00eb Politikave \u2013 KIPRED (2002-2008).<\/p>\n<p>N\u00eb vitet 2000-2002, ka qen\u00eb edhe drejtor programi n\u00eb Fondacionin Kosovar p\u00ebr Shoq\u00ebri Civile \u2013 FKSHC.<\/p>\n<p>Gjat\u00eb veprimtaris\u00eb s\u00eb tij publike, gjyqtari Sejdiu \u00ebsht\u00eb dekoruar me nj\u00eb num\u00ebr dekoratash dhe mir\u00ebnjohjesh, si: Dekorat\u00ebn e Asambles\u00eb s\u00eb Shtetit t\u00eb Nju-Jorkut (SHBA), \u00c7el\u00ebsin e qytetit \u00cborcester (Massachusetts, SHBA) dhe Medaljen nga Ministri i Pun\u00ebve t\u00eb Jashtme i Republik\u00ebs s\u00eb Turqis\u00eb.Duke qen\u00eb pjes\u00eb aktive n\u00eb m\u00ebsimdh\u00ebnie universitare, gjyqtari Sejdiu ka ndjekur vizita studimore n\u00eb universitete t\u00eb ndryshme t\u00eb Evrop\u00ebs dhe t\u00eb SHBA-s\u00eb.  Ka botuar nj\u00eb num\u00ebr punimesh akademike n\u00eb revista t\u00eb ndryshme shkencore, nd\u00ebrkomb\u00ebtare dhe vendore.Gjyqtari Sejdiu \u00ebsht\u00eb i martuar me Alberie Sejdiu (Rraci), m\u00ebsuese n\u00eb shkoll\u00ebn fillore \u201cHasan Prishtina\u201d n\u00eb Prishtin\u00eb, me t\u00eb cil\u00ebn ka tre f\u00ebmij\u00eb: Melis\u00ebn, Samir\u00ebn dhe Jonin.<\/p>\n<hr style=\"margin:30px 0\">\n<p style=\"font-size:13px;color:#666\">Kaynak: <strong>prizrenpost<\/strong><\/p>\n","protected":false},"excerpt":{"rendered":"<p>Bekim Sejdiu \u00ebsht\u00eb propozuar si kandidati konsensual p\u00ebr president nga L\u00ebvizja Vet\u00ebvendosje dhe Lidhja Demokratike e Kosov\u00ebs. Por kush \u00ebsht\u00eb personi i propozuar p\u00ebr president, biografia e tij: Bekim Sejdiu (1974) \u00ebsht\u00eb gjyqtar n\u00eb Gjykat\u00ebn Kushtetuese t\u00eb Republik\u00ebs s\u00eb Kosov\u00ebs.Para em\u00ebrimit gjyqtar n\u00eb Gjykat\u00ebn Kushtetuese (prill 2015), gjyqtari Sejdiu ka sh\u00ebrbyer si diplomat n\u00eb Ministrin\u00eb [&hellip;]<\/p>\n","protected":false},"author":1,"featured_media":57000,"comment_status":"open","ping_status":"open","sticky":false,"template":"","format":"standard","meta":{"footnotes":""},"categories":[14],"tags":[179],"class_list":["post-56999","post","type-post","status-publish","format-standard","has-post-thumbnail","hentry","category-ulusal","tag-aktuel"],"views":9,"_links":{"self":[{"href":"https:\/\/prizrenpost.com\/tr\/wp-json\/wp\/v2\/posts\/56999","targetHints":{"allow":["GET"]}}],"collection":[{"href":"https:\/\/prizrenpost.com\/tr\/wp-json\/wp\/v2\/posts"}],"about":[{"href":"https:\/\/prizrenpost.com\/tr\/wp-json\/wp\/v2\/types\/post"}],"author":[{"embeddable":true,"href":"https:\/\/prizrenpost.com\/tr\/wp-json\/wp\/v2\/users\/1"}],"replies":[{"embeddable":true,"href":"https:\/\/prizrenpost.com\/tr\/wp-json\/wp\/v2\/comments?post=56999"}],"version-history":[{"count":1,"href":"https:\/\/prizrenpost.com\/tr\/wp-json\/wp\/v2\/posts\/56999\/revisions"}],"predecessor-version":[{"id":57001,"href":"https:\/\/prizrenpost.com\/tr\/wp-json\/wp\/v2\/posts\/56999\/revisions\/57001"}],"wp:featuredmedia":[{"embeddable":true,"href":"https:\/\/prizrenpost.com\/tr\/wp-json\/wp\/v2\/media\/57000"}],"wp:attachment":[{"href":"https:\/\/prizrenpost.com\/tr\/wp-json\/wp\/v2\/media?parent=56999"}],"wp:term":[{"taxonomy":"category","embeddable":true,"href":"https:\/\/prizrenpost.com\/tr\/wp-json\/wp\/v2\/categories?post=56999"},{"taxonomy":"post_tag","embeddable":true,"href":"https:\/\/prizrenpost.com\/tr\/wp-json\/wp\/v2\/tags?post=56999"}],"curies":[{"name":"wp","href":"https:\/\/api.w.org\/{rel}","templated":true}]}}