{"id":57005,"date":"2026-08-31T14:40:42","date_gmt":"2026-08-31T12:40:42","guid":{"rendered":"https:\/\/prizrenpost.com\/tr\/arijon-ibrahimovic-bayernden-ayrilarak-augsburga-kiralik-olarak-transfer-oldu\/"},"modified":"2026-08-31T14:40:42","modified_gmt":"2026-08-31T12:40:42","slug":"arijon-ibrahimovic-bayernden-ayrilarak-augsburga-kiralik-olarak-transfer-oldu","status":"publish","type":"post","link":"https:\/\/prizrenpost.com\/tr\/arijon-ibrahimovic-bayernden-ayrilarak-augsburga-kiralik-olarak-transfer-oldu\/","title":{"rendered":"Arijon Ibrahimovic, Bayern&#8217;den ayr\u0131larak Augsburg&#8217;a kiral\u0131k olarak transfer oldu"},"content":{"rendered":"<p><img decoding=\"async\" src=\"https:\/\/prizrenpost.com\/tr\/wp-content\/uploads\/2026\/08\/Arijon-Ibrahimovic.jpg\" style=\"width:100%;height:auto;margin-bottom:20px\"><\/p>\n<p>Arnavut as\u0131ll\u0131 futbolcu Arijon Ibrahimovi\u0107, Augsburg&#8217;a transfer olmaya \u00e7ok yak\u0131n \u00e7\u00fcnk\u00fc Alman kul\u00fcb\u00fc, Bayern M\u00fcnih ile kredisi i\u00e7in anla\u015fmaya vard\u0131.<\/p>\n<p>20 ya\u015f\u0131ndaki futbolcunun \u00f6\u011fleden sonra t\u0131bbi testlere tabi tutulmas\u0131 ve ard\u0131ndan anla\u015fman\u0131n resmile\u015ftirilmesi bekleniyor.<\/p>\n<p>Raporlara g\u00f6re anla\u015fmada, yakla\u015f\u0131k 8 milyon tutar\u0131ndaki tutar\u0131n sezon sonunda sat\u0131n al\u0131nmas\u0131 se\u00e7ene\u011fi de yer al\u0131yor. Euro. 04 Online, Bayern M\u00fcnih&#8217;in de krediden yakla\u015f\u0131k 500.000 euro alaca\u011f\u0131n\u0131 yaz\u0131yor.<\/p>\n<p>Bayern M\u00fcnih akademisinin bir \u00fcr\u00fcn\u00fc olan \u0130brahimovi\u0107, Bundesliga&#8217;da daha fazla dakika istiyor ve Augsburg, geli\u015fimini s\u00fcrd\u00fcrmek i\u00e7in iyi bir f\u0131rsat olarak g\u00f6r\u00fcl\u00fcyor.<\/p>\n<p>Ge\u00e7en sezon Heidenheim&#8217;da kiral\u0131k olarak g\u00f6rev yaparken, bu yaz d\u00fczenli olarak Bayern M\u00fcnih&#8217;in haz\u0131rl\u0131klar\u0131na kat\u0131ld\u0131.\/04 Online\/<\/p>\n<hr style=\"margin:30px 0\">\n<p style=\"font-size:13px;color:#666\">Kaynak: <strong>prizrenpost<\/strong><\/p>\n","protected":false},"excerpt":{"rendered":"<p>Arnavut as\u0131ll\u0131 futbolcu Arijon Ibrahimovi\u0107, Augsburg&#8217;a transfer olmaya \u00e7ok yak\u0131n \u00e7\u00fcnk\u00fc Alman kul\u00fcb\u00fc, Bayern M\u00fcnih ile kredisi i\u00e7in anla\u015fmaya vard\u0131. 20 ya\u015f\u0131ndaki futbolcunun \u00f6\u011fleden sonra t\u0131bbi testlere tabi tutulmas\u0131 ve ard\u0131ndan anla\u015fman\u0131n resmile\u015ftirilmesi bekleniyor. Raporlara g\u00f6re anla\u015fmada, yakla\u015f\u0131k 8 milyon tutar\u0131ndaki tutar\u0131n sezon sonunda sat\u0131n al\u0131nmas\u0131 se\u00e7ene\u011fi de yer al\u0131yor. Euro. 04 Online, Bayern M\u00fcnih&#8217;in [&hellip;]<\/p>\n","protected":false},"author":1,"featured_media":57006,"comment_status":"open","ping_status":"open","sticky":false,"template":"","format":"standard","meta":{"footnotes":""},"categories":[7],"tags":[],"class_list":["post-57005","post","type-post","status-publish","format-standard","has-post-thumbnail","hentry","category-spor"],"views":8,"_links":{"self":[{"href":"https:\/\/prizrenpost.com\/tr\/wp-json\/wp\/v2\/posts\/57005","targetHints":{"allow":["GET"]}}],"collection":[{"href":"https:\/\/prizrenpost.com\/tr\/wp-json\/wp\/v2\/posts"}],"about":[{"href":"https:\/\/prizrenpost.com\/tr\/wp-json\/wp\/v2\/types\/post"}],"author":[{"embeddable":true,"href":"https:\/\/prizrenpost.com\/tr\/wp-json\/wp\/v2\/users\/1"}],"replies":[{"embeddable":true,"href":"https:\/\/prizrenpost.com\/tr\/wp-json\/wp\/v2\/comments?post=57005"}],"version-history":[{"count":1,"href":"https:\/\/prizrenpost.com\/tr\/wp-json\/wp\/v2\/posts\/57005\/revisions"}],"predecessor-version":[{"id":57007,"href":"https:\/\/prizrenpost.com\/tr\/wp-json\/wp\/v2\/posts\/57005\/revisions\/57007"}],"wp:featuredmedia":[{"embeddable":true,"href":"https:\/\/prizrenpost.com\/tr\/wp-json\/wp\/v2\/media\/57006"}],"wp:attachment":[{"href":"https:\/\/prizrenpost.com\/tr\/wp-json\/wp\/v2\/media?parent=57005"}],"wp:term":[{"taxonomy":"category","embeddable":true,"href":"https:\/\/prizrenpost.com\/tr\/wp-json\/wp\/v2\/categories?post=57005"},{"taxonomy":"post_tag","embeddable":true,"href":"https:\/\/prizrenpost.com\/tr\/wp-json\/wp\/v2\/tags?post=57005"}],"curies":[{"name":"wp","href":"https:\/\/api.w.org\/{rel}","templated":true}]}}