{"id":57008,"date":"2026-08-31T14:51:08","date_gmt":"2026-08-31T12:51:08","guid":{"rendered":"https:\/\/prizrenpost.com\/tr\/balkabagi-ve-yesil-zeytinli-salata\/"},"modified":"2026-08-31T14:51:09","modified_gmt":"2026-08-31T12:51:09","slug":"balkabagi-ve-yesil-zeytinli-salata","status":"publish","type":"post","link":"https:\/\/prizrenpost.com\/tr\/balkabagi-ve-yesil-zeytinli-salata\/","title":{"rendered":"Balkaba\u011f\u0131 ve ye\u015fil zeytinli salata"},"content":{"rendered":"<p><img decoding=\"async\" src=\"https:\/\/prizrenpost.com\/tr\/wp-content\/uploads\/2026\/08\/640-0-61ed76c6b7745.jpg\" style=\"width:100%;height:auto;margin-bottom:20px\"><\/p>\n<p>4 ki\u015fi i\u00e7in ihtiyac\u0131n\u0131z olan: 4 balkaba\u011f\u0131<br \/>\n1 su barda\u011f\u0131 ye\u015fil zeytin<br \/>\n1 su barda\u011f\u0131 ince k\u0131y\u0131lm\u0131\u015f kereviz<br \/>\n1 salatal\u0131k<br \/>\n3 ha\u015flanm\u0131\u015f yumurta<br \/>\n1 kuru so\u011fan, ince dilimlenmi\u015f<\/p>\n<p>3 yemek ka\u015f\u0131\u011f\u0131 beyaz sirke<br \/>\n1\/3 \u00e7ay ka\u015f\u0131\u011f\u0131 zeytinya\u011f\u0131<br \/>\n1 di\u015f sar\u0131msak<br \/>\nBir limonun rendelenmi\u015f kabu\u011fu<br \/>\n4 konserve sardalya filetosu<br \/>\n1 yemek ka\u015f\u0131\u011f\u0131 konserve kapari<\/p>\n<p>Sos i\u00e7in gerekli t\u00fcm malzemeleri mikserde \u00e7\u0131rp\u0131n. Kaba\u011f\u0131 ince dilimler halinde kesin ve buzdolab\u0131ndaki sosun i\u00e7inde yakla\u015f\u0131k 1 saat marine edin. Zeytinlerin \u00e7ekirdeklerini \u00e7\u0131kar\u0131p ince dilimler halinde kesin. Salatal\u0131\u011f\u0131 da uzunlamas\u0131na kesip \u00e7ekirdeklerini \u00e7\u0131kar\u0131p ince \u015feritler halinde b\u00f6l\u00fcyoruz. Marine edilmi\u015f kabaklar\u0131 so\u011fan, kereviz, zeytin ve salatal\u0131kla kar\u0131\u015ft\u0131r\u0131n. Garnit\u00fcr olarak d\u00f6rde b\u00f6l\u00fcnm\u00fc\u015f ha\u015flanm\u0131\u015f yumurta kullan\u0131yoruz.<\/p>\n<hr style=\"margin:30px 0\">\n<p style=\"font-size:13px;color:#666\">Kaynak: <strong>prizrenpost<\/strong><\/p>\n","protected":false},"excerpt":{"rendered":"<p>4 ki\u015fi i\u00e7in ihtiyac\u0131n\u0131z olan: 4 balkaba\u011f\u0131 1 su barda\u011f\u0131 ye\u015fil zeytin 1 su barda\u011f\u0131 ince k\u0131y\u0131lm\u0131\u015f kereviz 1 salatal\u0131k 3 ha\u015flanm\u0131\u015f yumurta 1 kuru so\u011fan, ince dilimlenmi\u015f 3 yemek ka\u015f\u0131\u011f\u0131 beyaz sirke 1\/3 \u00e7ay ka\u015f\u0131\u011f\u0131 zeytinya\u011f\u0131 1 di\u015f sar\u0131msak Bir limonun rendelenmi\u015f kabu\u011fu 4 konserve sardalya filetosu 1 yemek ka\u015f\u0131\u011f\u0131 konserve kapari Sos i\u00e7in [&hellip;]<\/p>\n","protected":false},"author":1,"featured_media":57009,"comment_status":"open","ping_status":"open","sticky":false,"template":"","format":"standard","meta":{"footnotes":""},"categories":[28],"tags":[],"class_list":["post-57008","post","type-post","status-publish","format-standard","has-post-thumbnail","hentry","category-mutfak"],"views":7,"_links":{"self":[{"href":"https:\/\/prizrenpost.com\/tr\/wp-json\/wp\/v2\/posts\/57008","targetHints":{"allow":["GET"]}}],"collection":[{"href":"https:\/\/prizrenpost.com\/tr\/wp-json\/wp\/v2\/posts"}],"about":[{"href":"https:\/\/prizrenpost.com\/tr\/wp-json\/wp\/v2\/types\/post"}],"author":[{"embeddable":true,"href":"https:\/\/prizrenpost.com\/tr\/wp-json\/wp\/v2\/users\/1"}],"replies":[{"embeddable":true,"href":"https:\/\/prizrenpost.com\/tr\/wp-json\/wp\/v2\/comments?post=57008"}],"version-history":[{"count":1,"href":"https:\/\/prizrenpost.com\/tr\/wp-json\/wp\/v2\/posts\/57008\/revisions"}],"predecessor-version":[{"id":57010,"href":"https:\/\/prizrenpost.com\/tr\/wp-json\/wp\/v2\/posts\/57008\/revisions\/57010"}],"wp:featuredmedia":[{"embeddable":true,"href":"https:\/\/prizrenpost.com\/tr\/wp-json\/wp\/v2\/media\/57009"}],"wp:attachment":[{"href":"https:\/\/prizrenpost.com\/tr\/wp-json\/wp\/v2\/media?parent=57008"}],"wp:term":[{"taxonomy":"category","embeddable":true,"href":"https:\/\/prizrenpost.com\/tr\/wp-json\/wp\/v2\/categories?post=57008"},{"taxonomy":"post_tag","embeddable":true,"href":"https:\/\/prizrenpost.com\/tr\/wp-json\/wp\/v2\/tags?post=57008"}],"curies":[{"name":"wp","href":"https:\/\/api.w.org\/{rel}","templated":true}]}}