{"id":57070,"date":"2026-09-02T09:05:39","date_gmt":"2026-09-02T07:05:39","guid":{"rendered":"https:\/\/prizrenpost.com\/tr\/enzo-fernandez-manchester-cityye-transfer-oldu\/"},"modified":"2026-09-02T09:05:40","modified_gmt":"2026-09-02T07:05:40","slug":"enzo-fernandez-manchester-cityye-transfer-oldu","status":"publish","type":"post","link":"https:\/\/prizrenpost.com\/tr\/enzo-fernandez-manchester-cityye-transfer-oldu\/","title":{"rendered":"Enzo Fern\u00e1ndez Manchester City&#8217;ye transfer oldu"},"content":{"rendered":"<p><img decoding=\"async\" src=\"https:\/\/prizrenpost.com\/tr\/wp-content\/uploads\/2026\/09\/enzo-fernandez.jpg\" style=\"width:100%;height:auto;margin-bottom:20px\"><\/p>\n<p>Manchester City, Arjantinli orta saha oyuncusu Enzo Fern\u00e1ndez&#8217;in Chelsea&#8217;den transferini resmile\u015ftirdi.<\/p>\n<p>04 Online&#8217;\u0131n yazd\u0131\u011f\u0131na g\u00f6re 25 ya\u015f\u0131ndaki oyuncu, kendisini 2031 yaz\u0131na kadar Etihad Stadyumu&#8217;nda tutacak be\u015f y\u0131ll\u0131k bir s\u00f6zle\u015fme imzalad\u0131.<\/p>\n<p>Fern\u00e1ndez, \u00fc\u00e7 y\u0131ldan fazla bir s\u00fcre sonra Chelsea&#8217;den ayr\u0131l\u0131yor ve bu s\u00fcre zarf\u0131nda Konferans Ligi&#8217;ni ve D\u00fcnya Kul\u00fcpler Kupas\u0131&#8217;n\u0131 kazand\u0131. 2025.<\/p>\n<p>2022&#8217;de Arjantin&#8217;le d\u00fcnya \u015fampiyonu olan oyuncu art\u0131k Manchester City&#8217;ye kat\u0131larak \u0130ngiliz tak\u0131m\u0131n\u0131n orta sahas\u0131 i\u00e7in \u00f6nemli bir takviye daha oluyor.\/04 \u00c7evrimi\u00e7i\/<\/p>\n<p>Deneyimi geli\u015ftirmek ve reklam g\u00f6r\u00fcnt\u00fclemek i\u00e7in \u00e7erezleri kullan\u0131yoruz (Google AdSense).<br \/>\n          &#8220;Kabul Et&#8221; se\u00e7ene\u011fine t\u0131klayarak \u00e7erezlerin a\u015fa\u011f\u0131daki \u015fartlara g\u00f6re kullan\u0131lmas\u0131n\u0131 kabul etmi\u015f olursunuz.<br \/>\n          Gizlilik Politikas\u0131<br \/>\n          ve<br \/>\n          \u00c7erez Politikas\u0131.<br \/>\n          &#8220;Reddet&#8221;i t\u0131klayarak gereksiz \u00e7erezleri reddedebilirsiniz.<\/p>\n<hr style=\"margin:30px 0\">\n<p style=\"font-size:13px;color:#666\">Kaynak: <strong>prizrenpost<\/strong><\/p>\n","protected":false},"excerpt":{"rendered":"<p>Manchester City, Arjantinli orta saha oyuncusu Enzo Fern\u00e1ndez&#8217;in Chelsea&#8217;den transferini resmile\u015ftirdi. 04 Online&#8217;\u0131n yazd\u0131\u011f\u0131na g\u00f6re 25 ya\u015f\u0131ndaki oyuncu, kendisini 2031 yaz\u0131na kadar Etihad Stadyumu&#8217;nda tutacak be\u015f y\u0131ll\u0131k bir s\u00f6zle\u015fme imzalad\u0131. Fern\u00e1ndez, \u00fc\u00e7 y\u0131ldan fazla bir s\u00fcre sonra Chelsea&#8217;den ayr\u0131l\u0131yor ve bu s\u00fcre zarf\u0131nda Konferans Ligi&#8217;ni ve D\u00fcnya Kul\u00fcpler Kupas\u0131&#8217;n\u0131 kazand\u0131. 2025. 2022&#8217;de Arjantin&#8217;le d\u00fcnya \u015fampiyonu [&hellip;]<\/p>\n","protected":false},"author":1,"featured_media":57071,"comment_status":"open","ping_status":"open","sticky":false,"template":"","format":"standard","meta":{"footnotes":""},"categories":[7],"tags":[],"class_list":["post-57070","post","type-post","status-publish","format-standard","has-post-thumbnail","hentry","category-spor"],"views":9,"_links":{"self":[{"href":"https:\/\/prizrenpost.com\/tr\/wp-json\/wp\/v2\/posts\/57070","targetHints":{"allow":["GET"]}}],"collection":[{"href":"https:\/\/prizrenpost.com\/tr\/wp-json\/wp\/v2\/posts"}],"about":[{"href":"https:\/\/prizrenpost.com\/tr\/wp-json\/wp\/v2\/types\/post"}],"author":[{"embeddable":true,"href":"https:\/\/prizrenpost.com\/tr\/wp-json\/wp\/v2\/users\/1"}],"replies":[{"embeddable":true,"href":"https:\/\/prizrenpost.com\/tr\/wp-json\/wp\/v2\/comments?post=57070"}],"version-history":[{"count":1,"href":"https:\/\/prizrenpost.com\/tr\/wp-json\/wp\/v2\/posts\/57070\/revisions"}],"predecessor-version":[{"id":57072,"href":"https:\/\/prizrenpost.com\/tr\/wp-json\/wp\/v2\/posts\/57070\/revisions\/57072"}],"wp:featuredmedia":[{"embeddable":true,"href":"https:\/\/prizrenpost.com\/tr\/wp-json\/wp\/v2\/media\/57071"}],"wp:attachment":[{"href":"https:\/\/prizrenpost.com\/tr\/wp-json\/wp\/v2\/media?parent=57070"}],"wp:term":[{"taxonomy":"category","embeddable":true,"href":"https:\/\/prizrenpost.com\/tr\/wp-json\/wp\/v2\/categories?post=57070"},{"taxonomy":"post_tag","embeddable":true,"href":"https:\/\/prizrenpost.com\/tr\/wp-json\/wp\/v2\/tags?post=57070"}],"curies":[{"name":"wp","href":"https:\/\/api.w.org\/{rel}","templated":true}]}}