{"id":57079,"date":"2026-09-02T11:00:45","date_gmt":"2026-09-02T09:00:45","guid":{"rendered":"https:\/\/prizrenpost.com\/tr\/nico-paz-pritet-te-trashegoje-fanellen-ikonike-te-messit-te-argjentina\/"},"modified":"2026-09-02T11:00:46","modified_gmt":"2026-09-02T09:00:46","slug":"nico-paz-pritet-te-trashegoje-fanellen-ikonike-te-messit-te-argjentina","status":"publish","type":"post","link":"https:\/\/prizrenpost.com\/tr\/nico-paz-pritet-te-trashegoje-fanellen-ikonike-te-messit-te-argjentina\/","title":{"rendered":"Nico Paz pritet t\u00eb trash\u00ebgoj\u00eb fanell\u00ebn ikonike t\u00eb Messit te Argjentina"},"content":{"rendered":"<p><img decoding=\"async\" src=\"https:\/\/prizrenpost.com\/tr\/wp-content\/uploads\/2026\/09\/lionel-messi-1.jpg\" style=\"width:100%;height:auto;margin-bottom:20px\"><\/p>\n<p>Nico Paz pritet t\u00eb jet\u00eb nj\u00eb nga kandidat\u00ebt kryesor\u00eb p\u00ebr t\u00eb trash\u00ebguar fanell\u00ebn ikonike me numrin 10 t\u00eb Lionel Messit te Komb\u00ebtarja e Argjentin\u00ebs.<\/p>\n<p>Sipas ESPN Argentina dhe gazetarit Federico Bueno, trajneri Lionel Scaloni raportohet se ka vendosur t\u2019ia besoj\u00eb numrin 10 talentit 21-vje\u00e7ar, n\u00ebse vazhdon t\u00eb jet\u00eb n\u00eb krye t\u00eb \u201cAlbiceleste\u201d deri n\u00eb vitin 2030, shkruan 04 Online.<\/p>\n<p>Paz, i cili luan te Como, deri tani ka bartur fanell\u00ebn me numrin 18 n\u00eb paraqitjet e tij me Argjentin\u00ebn.<\/p>\n<p>P\u00ebr fanell\u00ebn e Messit ishin p\u00ebrmendur edhe Enzo Fern\u00e1ndez dhe Alexis Mac Allister, por Scaloni duket se e ka zgjedhur Pazin si nj\u00eb prej lider\u00ebve t\u00eb gjenerat\u00ebs s\u00eb re.\/04 Online\/<\/p>\n<hr style=\"margin:30px 0\">\n<p style=\"font-size:13px;color:#666\">Kaynak: <strong>prizrenpost<\/strong><\/p>\n","protected":false},"excerpt":{"rendered":"<p>Nico Paz pritet t\u00eb jet\u00eb nj\u00eb nga kandidat\u00ebt kryesor\u00eb p\u00ebr t\u00eb trash\u00ebguar fanell\u00ebn ikonike me numrin 10 t\u00eb Lionel Messit te Komb\u00ebtarja e Argjentin\u00ebs. Sipas ESPN Argentina dhe gazetarit Federico Bueno, trajneri Lionel Scaloni raportohet se ka vendosur t\u2019ia besoj\u00eb numrin 10 talentit 21-vje\u00e7ar, n\u00ebse vazhdon t\u00eb jet\u00eb n\u00eb krye t\u00eb \u201cAlbiceleste\u201d deri n\u00eb vitin [&hellip;]<\/p>\n","protected":false},"author":1,"featured_media":57080,"comment_status":"open","ping_status":"open","sticky":false,"template":"","format":"standard","meta":{"footnotes":""},"categories":[7],"tags":[],"class_list":["post-57079","post","type-post","status-publish","format-standard","has-post-thumbnail","hentry","category-spor"],"views":10,"_links":{"self":[{"href":"https:\/\/prizrenpost.com\/tr\/wp-json\/wp\/v2\/posts\/57079","targetHints":{"allow":["GET"]}}],"collection":[{"href":"https:\/\/prizrenpost.com\/tr\/wp-json\/wp\/v2\/posts"}],"about":[{"href":"https:\/\/prizrenpost.com\/tr\/wp-json\/wp\/v2\/types\/post"}],"author":[{"embeddable":true,"href":"https:\/\/prizrenpost.com\/tr\/wp-json\/wp\/v2\/users\/1"}],"replies":[{"embeddable":true,"href":"https:\/\/prizrenpost.com\/tr\/wp-json\/wp\/v2\/comments?post=57079"}],"version-history":[{"count":1,"href":"https:\/\/prizrenpost.com\/tr\/wp-json\/wp\/v2\/posts\/57079\/revisions"}],"predecessor-version":[{"id":57081,"href":"https:\/\/prizrenpost.com\/tr\/wp-json\/wp\/v2\/posts\/57079\/revisions\/57081"}],"wp:featuredmedia":[{"embeddable":true,"href":"https:\/\/prizrenpost.com\/tr\/wp-json\/wp\/v2\/media\/57080"}],"wp:attachment":[{"href":"https:\/\/prizrenpost.com\/tr\/wp-json\/wp\/v2\/media?parent=57079"}],"wp:term":[{"taxonomy":"category","embeddable":true,"href":"https:\/\/prizrenpost.com\/tr\/wp-json\/wp\/v2\/categories?post=57079"},{"taxonomy":"post_tag","embeddable":true,"href":"https:\/\/prizrenpost.com\/tr\/wp-json\/wp\/v2\/tags?post=57079"}],"curies":[{"name":"wp","href":"https:\/\/api.w.org\/{rel}","templated":true}]}}