{"id":57087,"date":"2026-09-02T17:15:57","date_gmt":"2026-09-02T15:15:57","guid":{"rendered":"https:\/\/prizrenpost.com\/tr\/arsenal-gurcu-yetenegi-yakaladi-bartishvilinin-2027de-katilmasi-bekleniyor\/"},"modified":"2026-09-02T17:15:58","modified_gmt":"2026-09-02T15:15:58","slug":"arsenal-gurcu-yetenegi-yakaladi-bartishvilinin-2027de-katilmasi-bekleniyor","status":"publish","type":"post","link":"https:\/\/prizrenpost.com\/tr\/arsenal-gurcu-yetenegi-yakaladi-bartishvilinin-2027de-katilmasi-bekleniyor\/","title":{"rendered":"Arsenal G\u00fcrc\u00fc yetene\u011fi yakalad\u0131, Bartishvili&#8217;nin 2027&#8217;de kat\u0131lmas\u0131 bekleniyor"},"content":{"rendered":"<p><img decoding=\"async\" src=\"https:\/\/prizrenpost.com\/tr\/wp-content\/uploads\/2026\/09\/arsenali.png\" style=\"width:100%;height:auto;margin-bottom:20px\"><\/p>\n<p>Arsenal, yaz transfer d\u00f6neminin kapanmas\u0131ndan sonra bile gelecek \u00fczerinde \u00e7al\u0131\u015fmaya devam ediyor.<\/p>\n<p>Gazeteci Fabrizio Romano&#8217;nun haberine g\u00f6re Arsenal, 17 ya\u015f\u0131ndaki G\u00fcrc\u00fc yetenek Andria Bartishvili&#8217;nin Kolkheti 1913&#8217;ten yakla\u015f\u0131k 4,5 milyon euro kar\u015f\u0131l\u0131\u011f\u0131nda transferi i\u00e7in anla\u015fmaya vard\u0131. 04 Online, 18 ya\u015f\u0131n\u0131 doldurduktan sonra Haziran 2027&#8217;de resmi olarak Arsenal&#8217;e kat\u0131laca\u011f\u0131n\u0131 yaz\u0131yor.<\/p>\n<p>Transfer \u00f6ncesinde G\u00fcrc\u00fc yetene\u011fin sa\u011fl\u0131k testlerinden ge\u00e7mesi ve Londra kul\u00fcb\u00fcyle be\u015f y\u0131ll\u0131k s\u00f6zle\u015fme imzalamas\u0131 bekleniyor.<\/p>\n<p>Bu arada Arsenal, Malick Fofana&#8217;y\u0131 pazar\u0131n son g\u00fcn\u00fcnde transfer etmeyi ba\u015faramazken, Interi&#8217;de devam etmesi beklenen Pio Esposito&#8217;nun yar\u0131\u015f\u0131n\u0131 da kaybetti.\/04 Online\/<\/p>\n<hr style=\"margin:30px 0\">\n<p style=\"font-size:13px;color:#666\">Kaynak: <strong>prizrenpost<\/strong><\/p>\n","protected":false},"excerpt":{"rendered":"<p>Arsenal, yaz transfer d\u00f6neminin kapanmas\u0131ndan sonra bile gelecek \u00fczerinde \u00e7al\u0131\u015fmaya devam ediyor. Gazeteci Fabrizio Romano&#8217;nun haberine g\u00f6re Arsenal, 17 ya\u015f\u0131ndaki G\u00fcrc\u00fc yetenek Andria Bartishvili&#8217;nin Kolkheti 1913&#8217;ten yakla\u015f\u0131k 4,5 milyon euro kar\u015f\u0131l\u0131\u011f\u0131nda transferi i\u00e7in anla\u015fmaya vard\u0131. 04 Online, 18 ya\u015f\u0131n\u0131 doldurduktan sonra Haziran 2027&#8217;de resmi olarak Arsenal&#8217;e kat\u0131laca\u011f\u0131n\u0131 yaz\u0131yor. Transfer \u00f6ncesinde G\u00fcrc\u00fc yetene\u011fin sa\u011fl\u0131k testlerinden ge\u00e7mesi [&hellip;]<\/p>\n","protected":false},"author":1,"featured_media":57088,"comment_status":"open","ping_status":"open","sticky":false,"template":"","format":"standard","meta":{"footnotes":""},"categories":[7],"tags":[],"class_list":["post-57087","post","type-post","status-publish","format-standard","has-post-thumbnail","hentry","category-spor"],"views":6,"_links":{"self":[{"href":"https:\/\/prizrenpost.com\/tr\/wp-json\/wp\/v2\/posts\/57087","targetHints":{"allow":["GET"]}}],"collection":[{"href":"https:\/\/prizrenpost.com\/tr\/wp-json\/wp\/v2\/posts"}],"about":[{"href":"https:\/\/prizrenpost.com\/tr\/wp-json\/wp\/v2\/types\/post"}],"author":[{"embeddable":true,"href":"https:\/\/prizrenpost.com\/tr\/wp-json\/wp\/v2\/users\/1"}],"replies":[{"embeddable":true,"href":"https:\/\/prizrenpost.com\/tr\/wp-json\/wp\/v2\/comments?post=57087"}],"version-history":[{"count":1,"href":"https:\/\/prizrenpost.com\/tr\/wp-json\/wp\/v2\/posts\/57087\/revisions"}],"predecessor-version":[{"id":57089,"href":"https:\/\/prizrenpost.com\/tr\/wp-json\/wp\/v2\/posts\/57087\/revisions\/57089"}],"wp:featuredmedia":[{"embeddable":true,"href":"https:\/\/prizrenpost.com\/tr\/wp-json\/wp\/v2\/media\/57088"}],"wp:attachment":[{"href":"https:\/\/prizrenpost.com\/tr\/wp-json\/wp\/v2\/media?parent=57087"}],"wp:term":[{"taxonomy":"category","embeddable":true,"href":"https:\/\/prizrenpost.com\/tr\/wp-json\/wp\/v2\/categories?post=57087"},{"taxonomy":"post_tag","embeddable":true,"href":"https:\/\/prizrenpost.com\/tr\/wp-json\/wp\/v2\/tags?post=57087"}],"curies":[{"name":"wp","href":"https:\/\/api.w.org\/{rel}","templated":true}]}}