{"id":57096,"date":"2026-09-02T18:45:43","date_gmt":"2026-09-02T16:45:43","guid":{"rendered":"https:\/\/prizrenpost.com\/tr\/2022de-istifa-eden-18-sirp-hakim-serbest-birakildi\/"},"modified":"2026-09-02T18:45:44","modified_gmt":"2026-09-02T16:45:44","slug":"2022de-istifa-eden-18-sirp-hakim-serbest-birakildi","status":"publish","type":"post","link":"https:\/\/prizrenpost.com\/tr\/2022de-istifa-eden-18-sirp-hakim-serbest-birakildi\/","title":{"rendered":"2022&#8217;de istifa eden 18 S\u0131rp hakim serbest b\u0131rak\u0131ld\u0131"},"content":{"rendered":"<p><img decoding=\"async\" src=\"https:\/\/prizrenpost.com\/tr\/wp-content\/uploads\/2026\/09\/0877c4ea-e5f7-4121-b704-5377058fa142.jpg\" style=\"width:100%;height:auto;margin-bottom:20px\"><\/p>\n<p>Cumhurba\u015fkan Vekili Albulena Haxhiu, 2022&#8217;de istifa eden 18 S\u0131rp hakimin g\u00f6revden al\u0131nd\u0131\u011f\u0131n\u0131 duyurdu.<\/p>\n<p>Haxhiu, Facebook&#8217;ta &#8220;Kosova Yarg\u0131 Konseyi&#8217;nin teklifi \u00fczerine, anayasal ve yasal sorumluluklara uygun olarak, bug\u00fcn 2022&#8217;de istifa eden 18 S\u0131rp hakimi g\u00f6revden ald\u0131m&#8221; diye yazd\u0131.<\/p>\n<p> 27 A\u011fustos&#8217;ta, Kosova Yarg\u0131 Konseyi, S\u0131rp toplumundan hakim ve personelin 2022 y\u0131l\u0131nda istifalar\u0131n\u0131 yarg\u0131 sisteminden geri \u00e7ekme talebini reddetti. KJC, Haxhiu&#8217;ya bu hakimlerin g\u00f6revden al\u0131nmas\u0131n\u0131 \u00f6nerdi.<\/p>\n<p>KJC&#8217;nin karar\u0131n\u0131n ard\u0131ndan Avrupa Birli\u011fi de tepki g\u00f6stererek &#8220;derin \u00fcz\u00fcnt\u00fc&#8221; dile getirdi.<\/p>\n<p>AB, S\u0131rbistan&#8217;\u0131n istifas\u0131ndan hakim ve savc\u0131lar\u0131n yeniden entegrasyonu sorununun \u00e7\u00f6z\u00fclmesini talep etti. diyalog i\u00e7inde.<\/p>\n<p>Ayr\u0131ca<br \/>\nKJC, Haxhiu&#8217;dan istifa eden S\u0131rp hakimlerin serbest b\u0131rak\u0131lmas\u0131n\u0131 istiyor<br \/>\nAK\u015eAM HABERLER\u0130 27 A\u011fustos 2026<br \/>\nKJC, Haxhiu&#8217;dan istifa eden S\u0131rp hakimlerin serbest b\u0131rak\u0131lmas\u0131n\u0131 istiyor<br \/>\nKJC&#8217;den \u00f6nce de ayn\u0131 karar Savc\u0131l\u0131k Konseyi taraf\u0131ndan verilmi\u015fti.<\/p>\n<p>S\u0131rplar\u0131n \u00fclkenin kuzeyindeki d\u00f6rt belediyedeki Kosova kurumlar\u0131ndan toplu olarak ayr\u0131lmas\u0131 kapsam\u0131nda yakla\u015f\u0131k 130 hakim, savc\u0131 ve adalet sisteminin idari \u00e7al\u0131\u015fan\u0131 Kas\u0131m 2022 sonunda istifa etmi\u015fti.<\/p>\n<hr style=\"margin:30px 0\">\n<p style=\"font-size:13px;color:#666\">Kaynak: <strong>prizrenpost<\/strong><\/p>\n","protected":false},"excerpt":{"rendered":"<p>Cumhurba\u015fkan Vekili Albulena Haxhiu, 2022&#8217;de istifa eden 18 S\u0131rp hakimin g\u00f6revden al\u0131nd\u0131\u011f\u0131n\u0131 duyurdu. Haxhiu, Facebook&#8217;ta &#8220;Kosova Yarg\u0131 Konseyi&#8217;nin teklifi \u00fczerine, anayasal ve yasal sorumluluklara uygun olarak, bug\u00fcn 2022&#8217;de istifa eden 18 S\u0131rp hakimi g\u00f6revden ald\u0131m&#8221; diye yazd\u0131. 27 A\u011fustos&#8217;ta, Kosova Yarg\u0131 Konseyi, S\u0131rp toplumundan hakim ve personelin 2022 y\u0131l\u0131nda istifalar\u0131n\u0131 yarg\u0131 sisteminden geri \u00e7ekme talebini [&hellip;]<\/p>\n","protected":false},"author":1,"featured_media":57097,"comment_status":"open","ping_status":"open","sticky":false,"template":"","format":"standard","meta":{"footnotes":""},"categories":[14],"tags":[179],"class_list":["post-57096","post","type-post","status-publish","format-standard","has-post-thumbnail","hentry","category-ulusal","tag-aktuel"],"views":5,"_links":{"self":[{"href":"https:\/\/prizrenpost.com\/tr\/wp-json\/wp\/v2\/posts\/57096","targetHints":{"allow":["GET"]}}],"collection":[{"href":"https:\/\/prizrenpost.com\/tr\/wp-json\/wp\/v2\/posts"}],"about":[{"href":"https:\/\/prizrenpost.com\/tr\/wp-json\/wp\/v2\/types\/post"}],"author":[{"embeddable":true,"href":"https:\/\/prizrenpost.com\/tr\/wp-json\/wp\/v2\/users\/1"}],"replies":[{"embeddable":true,"href":"https:\/\/prizrenpost.com\/tr\/wp-json\/wp\/v2\/comments?post=57096"}],"version-history":[{"count":1,"href":"https:\/\/prizrenpost.com\/tr\/wp-json\/wp\/v2\/posts\/57096\/revisions"}],"predecessor-version":[{"id":57098,"href":"https:\/\/prizrenpost.com\/tr\/wp-json\/wp\/v2\/posts\/57096\/revisions\/57098"}],"wp:featuredmedia":[{"embeddable":true,"href":"https:\/\/prizrenpost.com\/tr\/wp-json\/wp\/v2\/media\/57097"}],"wp:attachment":[{"href":"https:\/\/prizrenpost.com\/tr\/wp-json\/wp\/v2\/media?parent=57096"}],"wp:term":[{"taxonomy":"category","embeddable":true,"href":"https:\/\/prizrenpost.com\/tr\/wp-json\/wp\/v2\/categories?post=57096"},{"taxonomy":"post_tag","embeddable":true,"href":"https:\/\/prizrenpost.com\/tr\/wp-json\/wp\/v2\/tags?post=57096"}],"curies":[{"name":"wp","href":"https:\/\/api.w.org\/{rel}","templated":true}]}}